[{"id":22,"date":"2016-04-26T16:55:40","date_gmt":"2016-04-26T16:55:40","guid":{"rendered":"http:\/\/www.novarodina.cz\/?p=22"},"modified":"2016-11-01T18:54:30","modified_gmt":"2016-11-01T18:54:30","slug":"pustym-zlebem-porad-z-kopce-fotky","status":"publish","type":"post","link":"http:\/\/www.novarodina.cz\/2016\/04\/26\/pustym-zlebem-porad-z-kopce-fotky\/","title":{"rendered":"Pust\u00fdm \u017dlebem po\u0159\u00e1d z kopce &#8211; fotky"},"content":{"rendered":"<div>Kliknut\u00edm na fotku se dostanete na album s v\u00edce fotkami na <a href=\"http:\/\/novarodina.rajce.idnes.cz\/Pustym_Zlebem_porad_z_kopce\/\" target=\"_blank\">rajce.idnes.cz<\/a><\/div>\n<div><a href=\"http:\/\/novarodina.rajce.idnes.cz\/Pustym_Zlebem_porad_z_kopce\/\" target=\"_blank\"><img class=\"aligncenter size-medium\" src=\"http:\/\/img9.rajce.idnes.cz\/d0902\/12\/12677\/12677569_5327f7a0e7b0ae8fa328a458362749b3\/images\/16-04-23_sloup_0059.jpg\" alt=\"\" width=\"1200\" height=\"795\" \/><\/a><\/div>\n","protected":false},"excerpt":{"rendered":"<p>Kliknut\u00edm na fotku se dostanete na album s v\u00edce fotkami na rajce.idnes.cz<\/p>\n","protected":false},"author":4,"featured_media":30,"comment_status":"open","ping_status":"open","sticky":false,"template":"","format":"standard","meta":[],"categories":[5],"tags":[11],"_links":{"self":[{"href":"http:\/\/www.novarodina.cz\/wp-json\/wp\/v2\/posts\/22"}],"collection":[{"href":"http:\/\/www.novarodina.cz\/wp-json\/wp\/v2\/posts"}],"about":[{"href":"http:\/\/www.novarodina.cz\/wp-json\/wp\/v2\/types\/post"}],"author":[{"embeddable":true,"href":"http:\/\/www.novarodina.cz\/wp-json\/wp\/v2\/users\/4"}],"replies":[{"embeddable":true,"href":"http:\/\/www.novarodina.cz\/wp-json\/wp\/v2\/comments?post=22"}],"version-history":[{"count":10,"href":"http:\/\/www.novarodina.cz\/wp-json\/wp\/v2\/posts\/22\/revisions"}],"predecessor-version":[{"id":9674,"href":"http:\/\/www.novarodina.cz\/wp-json\/wp\/v2\/posts\/22\/revisions\/9674"}],"wp:featuredmedia":[{"embeddable":true,"href":"http:\/\/www.novarodina.cz\/wp-json\/wp\/v2\/media\/30"}],"wp:attachment":[{"href":"http:\/\/www.novarodina.cz\/wp-json\/wp\/v2\/media?parent=22"}],"wp:term":[{"taxonomy":"category","embeddable":true,"href":"http:\/\/www.novarodina.cz\/wp-json\/wp\/v2\/categories?post=22"},{"taxonomy":"post_tag","embeddable":true,"href":"http:\/\/www.novarodina.cz\/wp-json\/wp\/v2\/tags?post=22"}],"curies":[{"name":"wp","href":"https:\/\/api.w.org\/{rel}","templated":true}]}},{"id":33,"date":"2016-04-15T16:59:39","date_gmt":"2016-04-15T16:59:39","guid":{"rendered":"http:\/\/www.novarodina.cz\/?p=33"},"modified":"2016-04-26T17:12:48","modified_gmt":"2016-04-26T17:12:48","slug":"pustym-zlebem-porad-z-kopce-23-4-2016","status":"publish","type":"post","link":"http:\/\/www.novarodina.cz\/2016\/04\/15\/pustym-zlebem-porad-z-kopce-23-4-2016\/","title":{"rendered":"Pust\u00fdm \u017dlebem po\u0159\u00e1d z kopce 23.4.2016"},"content":{"rendered":"<div><\/div>\n<div><\/div>\n<div><a href=\"http:\/\/www.novarodina.cz\/wp-content\/uploads\/2016\/04\/sloup_pozvanka.jpg\" rel=\"attachment wp-att-36\"><img class=\"alignnone size-large wp-image-36\" src=\"http:\/\/www.novarodina.cz\/wp-content\/uploads\/2016\/04\/sloup_pozvanka-1024x683.jpg\" alt=\"sloup_pozvanka\" width=\"665\" height=\"444\" srcset=\"http:\/\/www.novarodina.cz\/wp-content\/uploads\/2016\/04\/sloup_pozvanka-1024x683.jpg 1024w, http:\/\/www.novarodina.cz\/wp-content\/uploads\/2016\/04\/sloup_pozvanka-300x200.jpg 300w, http:\/\/www.novarodina.cz\/wp-content\/uploads\/2016\/04\/sloup_pozvanka-768x512.jpg 768w, http:\/\/www.novarodina.cz\/wp-content\/uploads\/2016\/04\/sloup_pozvanka-660x440.jpg 660w, http:\/\/www.novarodina.cz\/wp-content\/uploads\/2016\/04\/sloup_pozvanka.jpg 1800w\" sizes=\"(max-width: 665px) 100vw, 665px\" \/><\/a><\/div>\n<p>&nbsp;<\/p>\n<p>Pozv\u00e1nka ve form\u00e1tu PDF\u00a0je\u00a0zde:\u00a0 <a href=\"http:\/\/www.novarodina.cz\/wp-content\/uploads\/2016\/04\/Sloup-23-4-2016.pdf\" rel=\"\">Sloup 23-4-2016<\/a><\/p>\n","protected":false},"excerpt":{"rendered":"<p>&nbsp; Pozv\u00e1nka ve form\u00e1tu PDF\u00a0je\u00a0zde:\u00a0 Sloup 23-4-2016<\/p>\n","protected":false},"author":4,"featured_media":38,"comment_status":"open","ping_status":"open","sticky":false,"template":"","format":"standard","meta":[],"categories":[7],"tags":[11],"_links":{"self":[{"href":"http:\/\/www.novarodina.cz\/wp-json\/wp\/v2\/posts\/33"}],"collection":[{"href":"http:\/\/www.novarodina.cz\/wp-json\/wp\/v2\/posts"}],"about":[{"href":"http:\/\/www.novarodina.cz\/wp-json\/wp\/v2\/types\/post"}],"author":[{"embeddable":true,"href":"http:\/\/www.novarodina.cz\/wp-json\/wp\/v2\/users\/4"}],"replies":[{"embeddable":true,"href":"http:\/\/www.novarodina.cz\/wp-json\/wp\/v2\/comments?post=33"}],"version-history":[{"count":3,"href":"http:\/\/www.novarodina.cz\/wp-json\/wp\/v2\/posts\/33\/revisions"}],"predecessor-version":[{"id":39,"href":"http:\/\/www.novarodina.cz\/wp-json\/wp\/v2\/posts\/33\/revisions\/39"}],"wp:featuredmedia":[{"embeddable":true,"href":"http:\/\/www.novarodina.cz\/wp-json\/wp\/v2\/media\/38"}],"wp:attachment":[{"href":"http:\/\/www.novarodina.cz\/wp-json\/wp\/v2\/media?parent=33"}],"wp:term":[{"taxonomy":"category","embeddable":true,"href":"http:\/\/www.novarodina.cz\/wp-json\/wp\/v2\/categories?post=33"},{"taxonomy":"post_tag","embeddable":true,"href":"http:\/\/www.novarodina.cz\/wp-json\/wp\/v2\/tags?post=33"}],"curies":[{"name":"wp","href":"https:\/\/api.w.org\/{rel}","templated":true}]}},{"id":9130,"date":"2015-12-02T12:11:18","date_gmt":"2015-12-02T11:11:18","guid":{"rendered":"http:\/\/www.novarodina.cz\/?p=9130"},"modified":"2015-12-02T12:11:18","modified_gmt":"2015-12-02T11:11:18","slug":"obnoveni-stranek","status":"publish","type":"post","link":"http:\/\/www.novarodina.cz\/2015\/12\/02\/obnoveni-stranek\/","title":{"rendered":"Obnoven\u00ed str\u00e1nek"},"content":{"rendered":"<p>Na\u0161e webov\u00e9 str\u00e1nky se p\u0159ed \u010dasem staly ter\u010dem \u00fatoku n\u011bjak\u00fdch lump\u016f a byly zavirov\u00e1ny.<br \/>\n<!--more--><\/p>\n<p>Proved jsem tedy novou kompletn\u00ed \u010distou instalaci wordpressu a obnovu obsahu ze star\u0161\u00ed z\u00e1lohy. Ta byla po\u0159\u00e1dn\u011b prov\u011b\u0159en\u00e1 kvalitn\u00edm leg\u00e1ln\u00edm antivirov\u00fdm programem.<\/p>\n<p>Z\u00e1rove\u0148 se pokou\u0161\u00edm o nov\u00fd a sv\u011b\u017e\u00ed vzhled str\u00e1nek, kter\u00e9 by se m\u011bly spr\u00e1vn\u011b zobrazovat i v tabletech \u010di mobilech.<\/p>\n<p>Douf\u00e1m, \u017ee jste si nikdo od n\u00e1s \u017e\u00e1dn\u00e9ho trojsk\u00e9ho kon\u011b neodnesli. Je to zku\u0161enost, \u017ee \u010dlov\u011bk mus\u00ed b\u00fdt po\u0159\u00e1d ve st\u0159ehu a hackery \u010dekat v\u0161ude.<\/p>\n<p>Te\u010f u\u017e jsou str\u00e1nky op\u011bt \u010dist\u00e9 a budu se sna\u017eit,aby to tak z\u016fstalo.<\/p>\n","protected":false},"excerpt":{"rendered":"<p>Na\u0161e webov\u00e9 str\u00e1nky se p\u0159ed \u010dasem staly ter\u010dem \u00fatoku n\u011bjak\u00fdch lump\u016f a byly zavirov\u00e1ny.<\/p>\n","protected":false},"author":4,"featured_media":7073,"comment_status":"closed","ping_status":"closed","sticky":false,"template":"","format":"standard","meta":[],"categories":[12],"tags":[32],"_links":{"self":[{"href":"http:\/\/www.novarodina.cz\/wp-json\/wp\/v2\/posts\/9130"}],"collection":[{"href":"http:\/\/www.novarodina.cz\/wp-json\/wp\/v2\/posts"}],"about":[{"href":"http:\/\/www.novarodina.cz\/wp-json\/wp\/v2\/types\/post"}],"author":[{"embeddable":true,"href":"http:\/\/www.novarodina.cz\/wp-json\/wp\/v2\/users\/4"}],"replies":[{"embeddable":true,"href":"http:\/\/www.novarodina.cz\/wp-json\/wp\/v2\/comments?post=9130"}],"version-history":[{"count":0,"href":"http:\/\/www.novarodina.cz\/wp-json\/wp\/v2\/posts\/9130\/revisions"}],"wp:featuredmedia":[{"embeddable":true,"href":"http:\/\/www.novarodina.cz\/wp-json\/wp\/v2\/media\/7073"}],"wp:attachment":[{"href":"http:\/\/www.novarodina.cz\/wp-json\/wp\/v2\/media?parent=9130"}],"wp:term":[{"taxonomy":"category","embeddable":true,"href":"http:\/\/www.novarodina.cz\/wp-json\/wp\/v2\/categories?post=9130"},{"taxonomy":"post_tag","embeddable":true,"href":"http:\/\/www.novarodina.cz\/wp-json\/wp\/v2\/tags?post=9130"}],"curies":[{"name":"wp","href":"https:\/\/api.w.org\/{rel}","templated":true}]}},{"id":9121,"date":"2015-08-03T21:53:58","date_gmt":"2015-08-03T19:53:58","guid":{"rendered":"http:\/\/www.novarodina.cz\/?p=9121"},"modified":"2016-11-30T20:23:37","modified_gmt":"2016-11-30T20:23:37","slug":"cervencove-rodinky-fotky","status":"publish","type":"post","link":"http:\/\/www.novarodina.cz\/2015\/08\/03\/cervencove-rodinky-fotky\/","title":{"rendered":"\u010cervencov\u00e9 rodinky &#8211; Ned\u011ble 19. 7. 2015 od 15.00 hodin"},"content":{"rendered":"<p>V po\u0159\u00e1dn\u00e9m vedru jsme si na chvilku sedli, hodili n\u011bco na gril a probrali co je nov\u00e9ho. Prost\u011b spr\u00e1vn\u00e9 pohodov\u00e9 odpoledne&#8230;<!--more--><\/p>\n<p>&nbsp;<\/p>\n<p><img class=\"ngg_displayed_gallery mceItem\" src=\"http:\/\/www.novarodina.cz\/nextgen-attach_to_post\/preview\/id--9122\" alt=\"\" data-mce-placeholder=\"1\" \/><\/p>\n<p>&nbsp;<\/p>\n","protected":false},"excerpt":{"rendered":"<p>V po\u0159\u00e1dn\u00e9m vedru jsme si na chvilku sedli, hodili n\u011bco na gril a probrali co je nov\u00e9ho. Prost\u011b spr\u00e1vn\u00e9 pohodov\u00e9 odpoledne&#8230;<\/p>\n","protected":false},"author":4,"featured_media":9680,"comment_status":"closed","ping_status":"closed","sticky":false,"template":"","format":"standard","meta":[],"categories":[5,20],"tags":[29],"_links":{"self":[{"href":"http:\/\/www.novarodina.cz\/wp-json\/wp\/v2\/posts\/9121"}],"collection":[{"href":"http:\/\/www.novarodina.cz\/wp-json\/wp\/v2\/posts"}],"about":[{"href":"http:\/\/www.novarodina.cz\/wp-json\/wp\/v2\/types\/post"}],"author":[{"embeddable":true,"href":"http:\/\/www.novarodina.cz\/wp-json\/wp\/v2\/users\/4"}],"replies":[{"embeddable":true,"href":"http:\/\/www.novarodina.cz\/wp-json\/wp\/v2\/comments?post=9121"}],"version-history":[{"count":3,"href":"http:\/\/www.novarodina.cz\/wp-json\/wp\/v2\/posts\/9121\/revisions"}],"predecessor-version":[{"id":9683,"href":"http:\/\/www.novarodina.cz\/wp-json\/wp\/v2\/posts\/9121\/revisions\/9683"}],"wp:featuredmedia":[{"embeddable":true,"href":"http:\/\/www.novarodina.cz\/wp-json\/wp\/v2\/media\/9680"}],"wp:attachment":[{"href":"http:\/\/www.novarodina.cz\/wp-json\/wp\/v2\/media?parent=9121"}],"wp:term":[{"taxonomy":"category","embeddable":true,"href":"http:\/\/www.novarodina.cz\/wp-json\/wp\/v2\/categories?post=9121"},{"taxonomy":"post_tag","embeddable":true,"href":"http:\/\/www.novarodina.cz\/wp-json\/wp\/v2\/tags?post=9121"}],"curies":[{"name":"wp","href":"https:\/\/api.w.org\/{rel}","templated":true}]}},{"id":9089,"date":"2015-06-17T10:45:44","date_gmt":"2015-06-17T08:45:44","guid":{"rendered":"http:\/\/www.novarodina.cz\/?p=9089"},"modified":"2015-06-17T10:45:44","modified_gmt":"2015-06-17T08:45:44","slug":"termalni-lazne-podhajska-zari-2015","status":"publish","type":"post","link":"http:\/\/www.novarodina.cz\/2015\/06\/17\/termalni-lazne-podhajska-zari-2015\/","title":{"rendered":"Term\u00e1ln\u00ed l\u00e1zn\u011b Podh\u00e1jska, z\u00e1\u0159\u00ed 2015"},"content":{"rendered":"<p><a href=\"http:\/\/www.novarodina.cz\/wp-content\/uploads\/2015\/07\/Beze-jm\u00e9na.jpg\"><img class=\"aligncenter wp-image-9090\" src=\"http:\/\/www.novarodina.cz\/wp-content\/uploads\/2015\/07\/Beze-jm\u00e9na.jpg\" alt=\"Beze jm\u00e9na\" width=\"420\" height=\"584\" \/><\/a><\/p>\n<p>&nbsp;<\/p>\n<p>&nbsp;<\/p>\n<p><strong><em>Z\u00c1JEZD DO TERM\u00c1LN\u00cdCH L\u00c1ZN\u00cd PODH\u00c1JSKA <\/em><\/strong><strong><em>(Slovensko)<\/em><\/strong><\/p>\n<ol start=\"25\">\n<li><strong><em> \u2013 27. 9. 2015<\/em><\/strong><\/li>\n<\/ol>\n<table style=\"height: 416px;\" width=\"704\">\n<tbody>\n<tr>\n<td width=\"89\"><strong>P\u00e1tek <\/strong><\/p>\n<p><strong>\u00a0<\/strong><\/p>\n<p><strong>\u00a0<\/strong><\/td>\n<td width=\"393\">&#8211; odjezd\u00a0 v 16.00 hod. z parkovi\u0161t\u011b u Campus Square Brno-Bohunice<\/p>\n<p>&#8211; p\u0159\u00edjezd do Podh\u00e1jsk\u00e9 20.30 hod<\/td>\n<\/tr>\n<tr>\n<td width=\"89\"><strong>Sobota<\/strong><\/p>\n<p><strong>\u00a0<\/strong><\/td>\n<td width=\"393\">&#8211;\u00a0 otev\u0159en\u00ed term\u00e1lu v 9:00 hodin, celodenn\u00ed vstupn\u00e9 do 6 euro<\/p>\n<p>&nbsp;<\/td>\n<\/tr>\n<tr>\n<td width=\"89\"><strong>Ned\u011ble<\/strong><\/p>\n<p><strong>\u00a0<\/strong><\/td>\n<td width=\"393\">&#8211;\u00a0 otev\u0159en\u00ed term\u00e1lu v 9:00 hodin, celodenn\u00ed vstupn\u00e9 do 6 euro<\/p>\n<p>&#8211; Odjezd z Podh\u00e1jsk\u00e9 v\u00a016.00 hod, p\u0159\u00edjezd do\u00a0 Brna v\u00a020.30 hod<\/td>\n<\/tr>\n<\/tbody>\n<\/table>\n<p><strong>Ubytovan\u00ed: <\/strong>Penzion ANDREJKA\u00a0se nach\u00e1z\u00ed v \u00fapln\u00e9 bl\u00edzkosti term\u00e1ln\u00edho koupali\u0161t\u011b. K dispozici v\u00fdtah, vlastn\u00ed kuchy\u0148ka pln\u011b vybaven\u00e1. WC a koupelna. Pokoje jsou vkusn\u011b za\u0159\u00edzen\u00e9, disponuj\u00ed\u00a0 televiz\u00ed a WIFI. <u>\u00a0Po celou dobu vlastn\u00ed stravov\u00e1n\u00ed<\/u><strong>\u00a0<\/strong><\/p>\n<p><strong>Cena na osobu: cca 1.130,-<\/strong><\/p>\n<p><em>Cena za ubytov\u00e1n\u00ed \u2013 l\u016f\u017eko: 11 euro x dv\u011b noci\u00a0 + doprava\/osoba\u00a0 470,-<\/em><\/p>\n<p>&nbsp;<\/p>\n<p>Z\u00e1lohu 500,- na osobu do 31. 7. 2015\u00a0 na \u00fa\u010det: 2100116210\/2010\u00a0, Fio banka,<\/p>\n<p>do zpr\u00e1vy pro p\u0159\u00edjemce: Z\u00e1loha Podh\u00e1jsk\u00e1, a Va\u0161e p\u0159\u00edjmen\u00ed<\/p>\n<p>P\u0159i zru\u0161en\u00ed rezervace do 25. 8. se ze zaplacen\u00e9 z\u00e1lohy 20% nevrac\u00ed. Po tomto term\u00ednu z\u00e1loha propad\u00e1 cel\u00e1.<\/p>\n<p><strong>\u010clen\u016fm ob\u010dansk\u00e9ho sdru\u017een\u00ed Nov\u00e1 rodina budeme p\u0159isp\u00edvat na pobyt. <\/strong><\/p>\n<p>&nbsp;<\/p>\n<p style=\"text-align: center;\"><strong>\u00a0\u00a0\u00a0\u00a0\u00a0\u00a0\u00a0\u00a0\u00a0\u00a0\u00a0\u00a0\u00a0\u00a0\u00a0\u00a0\u00a0\u00a0 <\/strong><strong>\u00a0Po\u0159\u00e1d\u00e1 Nov\u00e1 rodina, o.s.<\/strong><\/p>\n<p style=\"text-align: center;\"><strong>\u00a0\u00a0\u00a0\u00a0\u00a0\u00a0\u00a0\u00a0\u00a0\u00a0\u00a0\u00a0\u00a0\u00a0\u00a0\u00a0\u00a0\u00a0 <\/strong>Vedouc\u00ed z\u00e1jezdu:<strong>\u00a0<\/strong>Miloslava Goldschmidtov\u00e1,\u00a0 tel.: 775 125\u00a0225, e-mail.:\u00a0milka.g@<a href=\"http:\/\/seznam.cz\/\">seznam.cz<\/a><\/p>\n","protected":false},"excerpt":{"rendered":"<p>&nbsp; &nbsp; Z\u00c1JEZD DO TERM\u00c1LN\u00cdCH L\u00c1ZN\u00cd PODH\u00c1JSKA (Slovensko) \u2013 27. 9. 2015 P\u00e1tek \u00a0 \u00a0 &#8211; odjezd\u00a0 v 16.00 hod. z parkovi\u0161t\u011b u Campus Square Brno-Bohunice &#8211; p\u0159\u00edjezd do Podh\u00e1jsk\u00e9 20.30 hod Sobota \u00a0 &#8211;\u00a0 otev\u0159en\u00ed term\u00e1lu v 9:00 hodin, celodenn\u00ed vstupn\u00e9 do 6 euro &nbsp; Ned\u011ble \u00a0 &#8211;\u00a0 otev\u0159en\u00ed term\u00e1lu v 9:00 hodin, celodenn\u00ed\u2026 <span class=\"read-more\"><a href=\"http:\/\/www.novarodina.cz\/2015\/06\/17\/termalni-lazne-podhajska-zari-2015\/\">Read More &raquo;<\/a><\/span><\/p>\n","protected":false},"author":1,"featured_media":9091,"comment_status":"open","ping_status":"open","sticky":false,"template":"","format":"standard","meta":[],"categories":[12],"tags":[],"_links":{"self":[{"href":"http:\/\/www.novarodina.cz\/wp-json\/wp\/v2\/posts\/9089"}],"collection":[{"href":"http:\/\/www.novarodina.cz\/wp-json\/wp\/v2\/posts"}],"about":[{"href":"http:\/\/www.novarodina.cz\/wp-json\/wp\/v2\/types\/post"}],"author":[{"embeddable":true,"href":"http:\/\/www.novarodina.cz\/wp-json\/wp\/v2\/users\/1"}],"replies":[{"embeddable":true,"href":"http:\/\/www.novarodina.cz\/wp-json\/wp\/v2\/comments?post=9089"}],"version-history":[{"count":0,"href":"http:\/\/www.novarodina.cz\/wp-json\/wp\/v2\/posts\/9089\/revisions"}],"wp:featuredmedia":[{"embeddable":true,"href":"http:\/\/www.novarodina.cz\/wp-json\/wp\/v2\/media\/9091"}],"wp:attachment":[{"href":"http:\/\/www.novarodina.cz\/wp-json\/wp\/v2\/media?parent=9089"}],"wp:term":[{"taxonomy":"category","embeddable":true,"href":"http:\/\/www.novarodina.cz\/wp-json\/wp\/v2\/categories?post=9089"},{"taxonomy":"post_tag","embeddable":true,"href":"http:\/\/www.novarodina.cz\/wp-json\/wp\/v2\/tags?post=9089"}],"curies":[{"name":"wp","href":"https:\/\/api.w.org\/{rel}","templated":true}]}},{"id":9048,"date":"2015-05-24T23:21:05","date_gmt":"2015-05-24T21:21:05","guid":{"rendered":"http:\/\/www.novarodina.cz\/?p=9048"},"modified":"2015-05-24T23:21:05","modified_gmt":"2015-05-24T21:21:05","slug":"podhajska-8-10-kveten-2015","status":"publish","type":"post","link":"http:\/\/www.novarodina.cz\/2015\/05\/24\/podhajska-8-10-kveten-2015\/","title":{"rendered":"Podh\u00e1jska, 8. &#8211; 10. kv\u011bten 2015"},"content":{"rendered":"<p><img class=\"ngg_displayed_gallery mceItem\" src=\"http:\/\/www.novarodina.cz\/nextgen-attach_to_post\/preview\/id--9049\" alt=\"\" data-mce-placeholder=\"1\" \/><\/p>\n","protected":false},"excerpt":{"rendered":"","protected":false},"author":4,"featured_media":9051,"comment_status":"open","ping_status":"open","sticky":false,"template":"","format":"standard","meta":[],"categories":[12],"tags":[],"_links":{"self":[{"href":"http:\/\/www.novarodina.cz\/wp-json\/wp\/v2\/posts\/9048"}],"collection":[{"href":"http:\/\/www.novarodina.cz\/wp-json\/wp\/v2\/posts"}],"about":[{"href":"http:\/\/www.novarodina.cz\/wp-json\/wp\/v2\/types\/post"}],"author":[{"embeddable":true,"href":"http:\/\/www.novarodina.cz\/wp-json\/wp\/v2\/users\/4"}],"replies":[{"embeddable":true,"href":"http:\/\/www.novarodina.cz\/wp-json\/wp\/v2\/comments?post=9048"}],"version-history":[{"count":0,"href":"http:\/\/www.novarodina.cz\/wp-json\/wp\/v2\/posts\/9048\/revisions"}],"wp:featuredmedia":[{"embeddable":true,"href":"http:\/\/www.novarodina.cz\/wp-json\/wp\/v2\/media\/9051"}],"wp:attachment":[{"href":"http:\/\/www.novarodina.cz\/wp-json\/wp\/v2\/media?parent=9048"}],"wp:term":[{"taxonomy":"category","embeddable":true,"href":"http:\/\/www.novarodina.cz\/wp-json\/wp\/v2\/categories?post=9048"},{"taxonomy":"post_tag","embeddable":true,"href":"http:\/\/www.novarodina.cz\/wp-json\/wp\/v2\/tags?post=9048"}],"curies":[{"name":"wp","href":"https:\/\/api.w.org\/{rel}","templated":true}]}},{"id":8980,"date":"2015-05-24T23:06:02","date_gmt":"2015-05-24T21:06:02","guid":{"rendered":"http:\/\/www.novarodina.cz\/?p=8980"},"modified":"2015-05-24T23:06:02","modified_gmt":"2015-05-24T21:06:02","slug":"tenisove-setkani-deti-v-luzankach","status":"publish","type":"post","link":"http:\/\/www.novarodina.cz\/2015\/05\/24\/tenisove-setkani-deti-v-luzankach\/","title":{"rendered":"Tenisov\u00e9 setk\u00e1n\u00ed d\u011bt\u00ed v Lu\u017e\u00e1nk\u00e1ch"},"content":{"rendered":"<p>Dne 20. 5. se na\u0161e sdru\u017een\u00ed spolupod\u00edlelo na po\u0159\u00e1d\u00e1n\u00ed akce: \u201eTenisov\u00e9 setk\u00e1n\u00ed d\u011bt\u00ed v\u00a0Lu\u017e\u00e1nk\u00e1ch\u201c.<!--more--><\/p>\n<p>Na\u0161t\u011bst\u00ed se po\u010das\u00ed umoud\u0159ilo a a\u017e na drobn\u00fd de\u0161t\u00edk na za\u010d\u00e1tku se akce povedla na v\u00fdbornou. P\u0159i\u0161lo bezm\u00e1la 100 d\u011bt\u00ed. Na kurtech je p\u0159iv\u00edtalo sedm trpasl\u00edk\u016f i s\u00a0kr\u00e1snou Sn\u011bhurkou (herci MdB ). Krom\u011b zp\u011bvu d\u011btem p\u0159edvedli i svoje tenisov\u00e9 kousky. Miroslav Brychta s\u00a0kolegou uk\u00e1zal, \u017ee i na voz\u00edku lze hr\u00e1t tenis. P\u0159edseda \u00dastavn\u00edho soudu JUDr. Pavel Rycheck\u00fd p\u0159edal d\u00e1rkov\u00e9 \u0161eky p\u0159\u00edtomn\u00fdm neziskov\u00fdm organizac\u00edm ( Centrum Koci\u00e1nka, Domov pro mne o.s., nada\u010dn\u00ed fond Modr\u00fd hroch, Nov\u00e1 rodina o.s. ). D\u011bti si vyzkou\u0161ely lanovou dr\u00e1hu. Nov\u00e1 rodina si pro d\u011bti p\u0159ipravila z\u00e1bavn\u00e1 stanovi\u0161t\u011b. Pom\u00e1haly Star\u00e9 mo\u0159sk\u00e9 pann\u011b ukr\u00fdt pir\u00e1tsk\u00fd poklad, krmily bal\u00f3nky v\u011b\u010dn\u011b nenasytn\u00e9ho klauna a lepily pap\u00edrov\u00e9 pytl\u00edky pod dohledem Babinsk\u00e9ho, star\u00e9ho lotra Mexick\u00e9ho. \u010carod\u011bjka pak d\u011bti za jejich pomoc odm\u011bnila. D\u011bti odch\u00e1zely rozesm\u00e1t\u00e9 a s\u00a0dobrou n\u00e1ladou a to je v\u017edy ta nejv\u011bt\u0161\u00ed odm\u011bna.<\/p>\n<p>S\u00a0p\u0159\u00e1n\u00edm hodn\u011b d\u011btsk\u00fdch \u00fasm\u011bv\u016f za cel\u00fd realiza\u010dn\u00ed t\u00fdm Nov\u00e9 rodiny \u010darod\u011bjnice Bludim\u00edra.<\/p>\n<p>&nbsp;<\/p>\n<p><img class=\"ngg_displayed_gallery mceItem\" src=\"http:\/\/www.novarodina.cz\/nextgen-attach_to_post\/preview\/id--8982\" alt=\"\" data-mce-placeholder=\"1\" \/><img class=\"ngg_displayed_gallery mceItem\" src=\"http:\/\/www.novarodina.cz\/nextgen-attach_to_post\/preview\/id--8984\" alt=\"\" data-mce-placeholder=\"1\" \/><\/p>\n","protected":false},"excerpt":{"rendered":"<p>Dne 20. 5. se na\u0161e sdru\u017een\u00ed spolupod\u00edlelo na po\u0159\u00e1d\u00e1n\u00ed akce: \u201eTenisov\u00e9 setk\u00e1n\u00ed d\u011bt\u00ed v\u00a0Lu\u017e\u00e1nk\u00e1ch\u201c.<\/p>\n","protected":false},"author":4,"featured_media":8987,"comment_status":"open","ping_status":"open","sticky":false,"template":"","format":"standard","meta":[],"categories":[5],"tags":[23,29],"_links":{"self":[{"href":"http:\/\/www.novarodina.cz\/wp-json\/wp\/v2\/posts\/8980"}],"collection":[{"href":"http:\/\/www.novarodina.cz\/wp-json\/wp\/v2\/posts"}],"about":[{"href":"http:\/\/www.novarodina.cz\/wp-json\/wp\/v2\/types\/post"}],"author":[{"embeddable":true,"href":"http:\/\/www.novarodina.cz\/wp-json\/wp\/v2\/users\/4"}],"replies":[{"embeddable":true,"href":"http:\/\/www.novarodina.cz\/wp-json\/wp\/v2\/comments?post=8980"}],"version-history":[{"count":0,"href":"http:\/\/www.novarodina.cz\/wp-json\/wp\/v2\/posts\/8980\/revisions"}],"wp:featuredmedia":[{"embeddable":true,"href":"http:\/\/www.novarodina.cz\/wp-json\/wp\/v2\/media\/8987"}],"wp:attachment":[{"href":"http:\/\/www.novarodina.cz\/wp-json\/wp\/v2\/media?parent=8980"}],"wp:term":[{"taxonomy":"category","embeddable":true,"href":"http:\/\/www.novarodina.cz\/wp-json\/wp\/v2\/categories?post=8980"},{"taxonomy":"post_tag","embeddable":true,"href":"http:\/\/www.novarodina.cz\/wp-json\/wp\/v2\/tags?post=8980"}],"curies":[{"name":"wp","href":"https:\/\/api.w.org\/{rel}","templated":true}]}},{"id":8491,"date":"2015-04-21T20:00:04","date_gmt":"2015-04-21T18:00:04","guid":{"rendered":"http:\/\/www.novarodina.cz\/?p=8491"},"modified":"2015-04-21T20:00:04","modified_gmt":"2015-04-21T18:00:04","slug":"tridenni-pobyt-v-laznich-podhajska","status":"publish","type":"post","link":"http:\/\/www.novarodina.cz\/2015\/04\/21\/tridenni-pobyt-v-laznich-podhajska\/","title":{"rendered":"T\u0159\u00eddenn\u00ed pobyt v L\u00e1zn\u00edch Podh\u00e1jska, kv\u011bten 2015"},"content":{"rendered":"<p style=\"text-align: center;\">VOLN\u00c1 M\u00cdSTA !!! \u00a0 \u00a0DV\u011a RODINY ZE ZDRAVOTN\u00cdCH D\u016eVOD\u016e ZRU\u0160ILY POBYT.<\/p>\n<p style=\"text-align: center;\"><!--more--><\/p>\n<p>V kv\u011btnu po\u0159\u00e1d\u00e1me z\u00e1jezd na Slovensko<br \/>\n<strong>Odjezd: 8. 5. 2015<\/strong> &#8211; Odjezd v 6.30 hod z parkovi\u0161t\u011b pod Krematoriem, Brno<br \/>\n&#8211; 12.00 hod ubytov\u00e1n\u00ed v apartm\u00e1nech ANDREJKA, t\u00e9m\u011b\u0159 u Term\u00e1ln\u00edch l\u00e1zn\u00ed.<br \/>\n&#8211; Odpoledn\u00ed koup\u00e1n\u00ed<br \/>\n&#8211; Po celou dobu vlastn\u00ed stravov\u00e1n\u00ed<\/p>\n<p><strong>9. 5. 2015<\/strong> &#8211; Otev\u0159en\u00ed term\u00e1lu v 9:00 hodin<br \/>\n&#8211; Cel\u00fd den koup\u00e1n\u00ed, celodenn\u00ed vstupn\u00e9 do 6 euro<br \/>\n&#8211; V 17:00 dle z\u00e1jmu odjezd na poutn\u00ed m\u00edsto Pozba<br \/>\nprohl\u00eddka dvou kostel\u00edku s pr\u016fvodcem a pov\u00edd\u00e1n\u00edm, n\u00e1vrat do 19.00<\/p>\n<p><strong>N\u00e1vrat: 10. 5. 2015<\/strong> &#8211; Nalo\u017een\u00ed zavazadel v 8:30 hodin<br \/>\n&#8211; P\u016fl dne koup\u00e1n\u00ed. Ve 14:30 odjezd dom\u016f.<br \/>\n&#8211; p\u0159\u00edjezd v 19.00 parkovi\u0161t\u011b pod Krematoriem<\/p>\n<p><a href=\"http:\/\/www.novarodina.cz\/wp-content\/uploads\/2015\/01\/podhajska-9.jpg\"><img class=\"aligncenter size-full wp-image-8492\" src=\"http:\/\/www.novarodina.cz\/wp-content\/uploads\/2015\/01\/podhajska-9.jpg\" alt=\"podhajska-9\" width=\"900\" height=\"600\" \/><\/a><\/p>\n<p><a href=\"http:\/\/www.novarodina.cz\/wp-content\/uploads\/2015\/01\/podhajska-12.jpg\"><img class=\"aligncenter size-full wp-image-8493\" src=\"http:\/\/www.novarodina.cz\/wp-content\/uploads\/2015\/01\/podhajska-12.jpg\" alt=\"podhajska-12\" width=\"900\" height=\"600\" \/><\/a><\/p>\n<h4>Term\u00e1lna voda &#8211; prame\u0148 Podh\u00e1jska<\/h4>\n<p>Voda\u00a0zo \u017eriedla Podh\u00e1jska je svetov\u00fdm unik\u00e1tom s blahod\u00e1rnymi \u00fa\u010dinkami na cel\u00fd \u013eudsk\u00fd organizmus. Podrobn\u00e1 \u0161t\u00fadia uk\u00e1zala, \u017ee pri niektor\u00fdch zdravotn\u00fdch probl\u00e9moch ( najm\u00e4 pri astme a r\u00f4znych ko\u017en\u00fdch vyr\u00e1\u017ekach) m\u00e1 hlb\u0161\u00ed a trvalej\u0161\u00ed regenera\u010dn\u00fd efekt ne\u017e voda z m\u0155tveho mora. Slovensk\u00e9 \u201eM\u0155tve more\u201c uzdravilo u\u017e tis\u00edcky \u013eud\u00ed.\u00a0Lie\u010div\u00e9 \u00fa\u010dinky silne mineralizovanej vody sa okrem in\u00e9ho prejavuj\u00fa najm\u00e4 u pacientov s probl\u00e9mami pohybov\u00e9ho \u00fastrojenstva, pri chorob\u00e1ch d\u00fdchac\u00edch ciest, u ko\u017en\u00fdch ekz\u00e9mov, rovnako pri ochoreniach za\u017e\u00edvacieho traktu (najm\u00e4 pri poruch\u00e1ch \u010dinnosti pankeasu, sleziny). P\u00f4sobenie k\u00fape\u013ea na zdravie \u013eud\u00ed mo\u017eno prirovna\u0165 k homeopatii. Koncentr\u00e1cia prvku\u00a0l\u00edtium roz\u0161iruje p\u00f4sobnos\u0165 vody a napom\u00e1ha pri lie\u010dbe dny, zmes jodidov stimuluje \u0161t\u00edtnu \u017e\u013eazu, fosfore\u010dnany a v\u00e1pnik p\u00f4sobia na dolie\u010denie zlomen\u00edn a zmiernenie bolestiv\u00fdch stavov. Bohat\u00e1 koncentr\u00e1cia s\u00edranov, kyseliny kremi\u010ditej a boritej, v\u00fdrazne napom\u00e1haj\u00fa a lie\u010dia ekz\u00e9mov\u00e9 a in\u00e9 ko\u017en\u00e9 ochorenia. Siln\u00e9 ozdravuj\u00face \u00fa\u010dinky vody sa prejavuj\u00fa u \u013eud\u00ed trpiacich reumatizmom, cievnymi a k\u013abov\u00fdmi ochoreniami, pretrv\u00e1vaj\u00facimi boles\u0165ami chrbta. Voda stabilizuje stavy \u013eud\u00ed trpiacich osteopor\u00f3zou, artr\u00f3zou a artrit\u00eddou.<\/p>\n<p><strong>\u00a0<\/strong><\/p>\n<h4><a href=\"http:\/\/www.tkpodhajska.sk\/\" target=\"_blank\"><strong>Term\u00e1ln\u00ed l\u00e1zn\u011b Podh\u00e1jska<\/strong><\/a><\/h4>\n<p>N\u00e1v\u0161tevn\u00edkom term\u00e1lneho k\u00fapaliska je k dispoz\u00edcii are\u00e1l o rozlohe 12 ha, kde sa nach\u00e1dza 10 baz\u00e9nov s geoterm\u00e1lnou i s \u00fa\u017eitkovou vodou s teplotami 18 \u00b0C a\u017e 40 \u00b0C, tobog\u00e1n, pr\u00edrodn\u00e9 sol\u00e1ri\u00e1 na slnenie s bujnou veget\u00e1ciou, \u0161portovisk\u00e1, ponuka suven\u00edrov v predajn\u00fdch st\u00e1nkoch, ponuka gastronomick\u00fdch slu\u017eieb formou bufetov, re\u0161taur\u00e1ci\u00ed, kaviarn\u00ed, cukr\u00e1rn\u00ed.<\/p>\n<p>Doplnkov\u00e9 slu\u017eby:\u00a0<strong>Relaxa\u010dno &#8211; rekondi\u010dn\u00ed komlex<\/strong>\u00a0alebo\u00a0<strong>Wellness centrum\u00a0 Aquamarin <\/strong>s\u00a0vodouktor\u00fa prin\u00e1\u0161a geoterm\u00e1lny vrt z\u00a0h\u013abky 1 900 m. Silne mineralizovan\u00e1 voda s\u00a0teplotou a\u017e 83 \u00b0C. T\u00e1 sa svoj\u00edm zlo\u017een\u00edm vyrovn\u00e1 vode v\u00a0M\u0155tvom mori. Wellness centrum\u00a0V\u00e1m pon\u00faka tak\u00fd oddych a\u00a0relax\u00e1ciu o\u00a0akej ste doteraz ani len nesn\u00edvali. Kr\u00e1sny interi\u00e9r a\u00a0prepracovan\u00fd dizajn bude pote\u0161en\u00edm pre Va\u0161e o\u010di. N\u00e1jdete tu mnoho Sedac\u00ed baz\u00e9n, v\u00edriv\u00fd baz\u00e9n- vonkaj\u0161\u00ed, rekrea\u010dn\u00fd baz\u00e9n 2x, plaveck\u00fd baz\u00e9n- max. h\u013abka 1,8 m, neplaveck\u00fd baz\u00e9n- max. h\u013abka 1,3 m, baz\u00e9n s\u00a0tobog\u00e1nom, detsk\u00fd baz\u00e9n 2x, baz\u00e9n s\u00a0vodn\u00fdmi atrakciami. Pre n\u00e1ro\u010dn\u00fdch s\u00fa tu aj trampol\u00edny, tobog\u00e1n, spolo\u010denk\u00e9 hry, \u010di mini zoologick\u00e1 z\u00e1hrada.<\/p>\n<p><span style=\"text-decoration: underline;\">Jsme ubytovan\u00ed:<\/span><br \/>\n<a href=\"http:\/\/www.ubytovanie-podhajska.info\/Andrejka\" target=\"_blank\"><strong>ANDREJKA<\/strong><\/a> je nov\u00e9 ubytovacie zariadenie v \u00faplnej bl\u00edzkosti term\u00e1lneho k\u00fapaliska. Modern\u00fd ubytovac\u00ed komplex s moderne zariaden\u00fdmi izbami, s v\u00fdh\u013eadom na are\u00e1l k\u00fapaliska a cel\u00fa obec. Parkovanie je priamo pri ubytovacom zariaden\u00ed. K dispoz\u00edci\u00ed s\u00fa dvojposte\u013eov\u00e9 a trojposte\u013eov\u00e9 izby ako aj \u0161es\u0165miestne apartm\u00e1ny, v\u00fd\u0165ah, vlastn\u00e1 kuchynka, WC a k\u00fapel\u0148a. Izby s\u00fa vkusne zariaden\u00e9, disponuj\u00fa plne zariaden\u00fdm kuchynsk\u00fdm k\u00fatikom, chladni\u010dkou, vari\u010dom, telev\u00edzorom a wifi.<\/p>\n<p>Cena na osobu: cca 1.130,-<br \/>\nCena za ubytov\u00e1n\u00ed \u2013 l\u016f\u017eko: 11 euro x dv\u011b noci<br \/>\nP\u0159i napln\u011bn\u00ed kapacity autobusu je cena za dopravu\/osoba 470,-<br \/>\nCelodenn\u00ed vstupn\u00e9 do l\u00e1zn\u00ed cca 6 euro.<\/p>\n<p>\u010clenov\u00e9 ob\u010dansk\u00e9ho sdru\u017een\u00ed Nov\u00e1 rodina z\u00edskaj\u00ed p\u0159\u00edsp\u011bvek na vstupy do Term\u00e1l\u016f pro celou rodinu.<br \/>\n( Sponzorsk\u00fd dar 20.000,- se bude d\u011blit na osobu. V\u00fd\u0161e p\u0159\u00edsp\u011bvku rozhodne po\u010det z\u00e1jezdn\u00edk\u016f a\u017e po zaplacen\u00ed z\u00e1loh. )<\/p>\n<p style=\"text-align: center;\"><strong>P\u0159ihl\u00e1\u0161ky do 31. 1. 2015<\/strong><br \/>\n<strong>Z\u00e1lohu 500,- na osobu do 20. 2. 2015<\/strong><br \/>\n<strong> na \u00fa\u010det: 2100116210\/2010 , Fio banka, <\/strong><br \/>\n<strong>do zpr\u00e1vy pro p\u0159\u00edjemce: Z\u00e1loha Podh\u00e1jsk\u00e1, a va\u0161e p\u0159\u00edjmen\u00ed<\/strong><\/p>\n<p>&nbsp;<\/p>\n<p style=\"text-align: center;\">Pojedeme autobusem Renault Iliade FR1 49 m\u00edst.<br \/>\nDopravce se p\u0159izp\u016fsob\u00ed pot\u0159eb\u00e1m z\u00e1jezdn\u00edk\u016f, \u010dast\u011bj\u0161\u00ed p\u0159est\u00e1vky atd.<\/p>\n<p><a href=\"http:\/\/www.novarodina.cz\/wp-content\/uploads\/2015\/01\/autobus1.jpg\"><img class=\"aligncenter size-full wp-image-8498\" src=\"http:\/\/www.novarodina.cz\/wp-content\/uploads\/2015\/01\/autobus1.jpg\" alt=\"autobus1\" width=\"453\" height=\"340\" \/><\/a><\/p>\n<p>&nbsp;<\/p>\n<p><a href=\"http:\/\/www.novarodina.cz\/wp-content\/uploads\/2015\/01\/autobus2.jpg\"><img class=\"aligncenter size-full wp-image-8499\" src=\"http:\/\/www.novarodina.cz\/wp-content\/uploads\/2015\/01\/autobus2.jpg\" alt=\"autobus2\" width=\"456\" height=\"342\" \/><\/a><\/p>\n<p>&nbsp;<\/p>\n<p style=\"text-align: center;\"><strong>PARTNER AKCE:<\/strong><\/p>\n<p><strong><a href=\"http:\/\/www.novarodina.cz\/wp-content\/uploads\/2015\/01\/on-semi-.jpg\"><img class=\"aligncenter size-full wp-image-8506\" src=\"http:\/\/www.novarodina.cz\/wp-content\/uploads\/2015\/01\/on-semi-.jpg\" alt=\"on-semi-\" width=\"300\" height=\"86\" \/><\/a><\/strong><\/p>\n<p style=\"text-align: center;\"><strong>Po\u0159\u00e1d\u00e1 Nov\u00e1 rodina, o.s.<\/strong><br \/>\n<strong> Kontaktn\u00ed osoba: Mark\u00e9ta Langerov\u00e1, tel.. 732 981 459, mlangerova@gmail.com<\/strong><\/p>\n","protected":false},"excerpt":{"rendered":"<p>VOLN\u00c1 M\u00cdSTA !!! \u00a0 \u00a0DV\u011a RODINY ZE ZDRAVOTN\u00cdCH D\u016eVOD\u016e ZRU\u0160ILY POBYT.<\/p>\n","protected":false},"author":1,"featured_media":8492,"comment_status":"open","ping_status":"open","sticky":false,"template":"","format":"standard","meta":[],"categories":[12],"tags":[],"_links":{"self":[{"href":"http:\/\/www.novarodina.cz\/wp-json\/wp\/v2\/posts\/8491"}],"collection":[{"href":"http:\/\/www.novarodina.cz\/wp-json\/wp\/v2\/posts"}],"about":[{"href":"http:\/\/www.novarodina.cz\/wp-json\/wp\/v2\/types\/post"}],"author":[{"embeddable":true,"href":"http:\/\/www.novarodina.cz\/wp-json\/wp\/v2\/users\/1"}],"replies":[{"embeddable":true,"href":"http:\/\/www.novarodina.cz\/wp-json\/wp\/v2\/comments?post=8491"}],"version-history":[{"count":0,"href":"http:\/\/www.novarodina.cz\/wp-json\/wp\/v2\/posts\/8491\/revisions"}],"wp:featuredmedia":[{"embeddable":true,"href":"http:\/\/www.novarodina.cz\/wp-json\/wp\/v2\/media\/8492"}],"wp:attachment":[{"href":"http:\/\/www.novarodina.cz\/wp-json\/wp\/v2\/media?parent=8491"}],"wp:term":[{"taxonomy":"category","embeddable":true,"href":"http:\/\/www.novarodina.cz\/wp-json\/wp\/v2\/categories?post=8491"},{"taxonomy":"post_tag","embeddable":true,"href":"http:\/\/www.novarodina.cz\/wp-json\/wp\/v2\/tags?post=8491"}],"curies":[{"name":"wp","href":"https:\/\/api.w.org\/{rel}","templated":true}]}},{"id":8813,"date":"2015-04-12T22:33:47","date_gmt":"2015-04-12T20:33:47","guid":{"rendered":"http:\/\/www.novarodina.cz\/?p=8813"},"modified":"2015-04-12T22:33:47","modified_gmt":"2015-04-12T20:33:47","slug":"informace-o-nastavajicich-zmenach","status":"publish","type":"post","link":"http:\/\/www.novarodina.cz\/2015\/04\/12\/informace-o-nastavajicich-zmenach\/","title":{"rendered":"Informace o nast\u00e1vaj\u00edc\u00edch zm\u011bn\u00e1ch"},"content":{"rendered":"<p>V sou\u010dasn\u00e9 dob\u011b prob\u00edh\u00e1 transformace Ob\u010dansk\u00e9ho sdru\u017een\u00ed Nov\u00e1 rodina na jinou pr\u00e1vn\u00ed formu a to na <strong>Nov\u00e1 rodina, zapsan\u00fd \u00fastav<\/strong>. \u010clensk\u00e9 rodiny ve v\u011bt\u0161\u00edm d\u016fsledku zm\u011bnu nepoc\u00edt\u00ed. O proveden\u00e9 transformaci a nastal\u00fdch zm\u011bn\u00e1ch v\u00e1s budeme zav\u010das informovat.<\/p>\n","protected":false},"excerpt":{"rendered":"<p>V sou\u010dasn\u00e9 dob\u011b prob\u00edh\u00e1 transformace Ob\u010dansk\u00e9ho sdru\u017een\u00ed Nov\u00e1 rodina na jinou pr\u00e1vn\u00ed formu a to na Nov\u00e1 rodina, zapsan\u00fd \u00fastav. \u010clensk\u00e9 rodiny ve v\u011bt\u0161\u00edm d\u016fsledku zm\u011bnu nepoc\u00edt\u00ed. O proveden\u00e9 transformaci a nastal\u00fdch zm\u011bn\u00e1ch v\u00e1s budeme zav\u010das informovat.<\/p>\n","protected":false},"author":1,"featured_media":0,"comment_status":"open","ping_status":"open","sticky":false,"template":"","format":"standard","meta":[],"categories":[12],"tags":[],"_links":{"self":[{"href":"http:\/\/www.novarodina.cz\/wp-json\/wp\/v2\/posts\/8813"}],"collection":[{"href":"http:\/\/www.novarodina.cz\/wp-json\/wp\/v2\/posts"}],"about":[{"href":"http:\/\/www.novarodina.cz\/wp-json\/wp\/v2\/types\/post"}],"author":[{"embeddable":true,"href":"http:\/\/www.novarodina.cz\/wp-json\/wp\/v2\/users\/1"}],"replies":[{"embeddable":true,"href":"http:\/\/www.novarodina.cz\/wp-json\/wp\/v2\/comments?post=8813"}],"version-history":[{"count":0,"href":"http:\/\/www.novarodina.cz\/wp-json\/wp\/v2\/posts\/8813\/revisions"}],"wp:attachment":[{"href":"http:\/\/www.novarodina.cz\/wp-json\/wp\/v2\/media?parent=8813"}],"wp:term":[{"taxonomy":"category","embeddable":true,"href":"http:\/\/www.novarodina.cz\/wp-json\/wp\/v2\/categories?post=8813"},{"taxonomy":"post_tag","embeddable":true,"href":"http:\/\/www.novarodina.cz\/wp-json\/wp\/v2\/tags?post=8813"}],"curies":[{"name":"wp","href":"https:\/\/api.w.org\/{rel}","templated":true}]}},{"id":8808,"date":"2015-04-01T00:39:36","date_gmt":"2015-03-31T22:39:36","guid":{"rendered":"http:\/\/www.novarodina.cz\/?p=8808"},"modified":"2015-04-01T00:39:36","modified_gmt":"2015-03-31T22:39:36","slug":"letni-primestsky-tabor-13-17-7-a-10-14-8-2015","status":"publish","type":"post","link":"http:\/\/www.novarodina.cz\/2015\/04\/01\/letni-primestsky-tabor-13-17-7-a-10-14-8-2015\/","title":{"rendered":"Letn\u00ed p\u0159\u00edm\u011bstsk\u00fd t\u00e1bor 13.-17.7. a 10.-14.8. 2015"},"content":{"rendered":"<p style=\"text-align: center;\">\u00a0<a href=\"http:\/\/www.bosabrno.cz\/2015\/03\/letni-primestsky-tabor\/\" target=\"_blank\"><strong>P\u0158IHL\u00c1\u0160KA: www.bosabrno.cz\/2015\/03\/letni-primestsky-tabor\/<\/strong><\/a><\/p>\n<p><a href=\"http:\/\/www.novarodina.cz\/wp-content\/uploads\/2015\/04\/tabor_lia.jpg\"><img class=\"aligncenter size-full wp-image-8809\" src=\"http:\/\/www.novarodina.cz\/wp-content\/uploads\/2015\/04\/tabor_lia.jpg\" alt=\"tabor_lia\" width=\"800\" height=\"1143\" \/><\/a><\/p>\n<p>&nbsp;<\/p>\n","protected":false},"excerpt":{"rendered":"<p>\u00a0P\u0158IHL\u00c1\u0160KA: www.bosabrno.cz\/2015\/03\/letni-primestsky-tabor\/ &nbsp;<\/p>\n","protected":false},"author":1,"featured_media":8811,"comment_status":"open","ping_status":"open","sticky":false,"template":"","format":"standard","meta":[],"categories":[12],"tags":[],"_links":{"self":[{"href":"http:\/\/www.novarodina.cz\/wp-json\/wp\/v2\/posts\/8808"}],"collection":[{"href":"http:\/\/www.novarodina.cz\/wp-json\/wp\/v2\/posts"}],"about":[{"href":"http:\/\/www.novarodina.cz\/wp-json\/wp\/v2\/types\/post"}],"author":[{"embeddable":true,"href":"http:\/\/www.novarodina.cz\/wp-json\/wp\/v2\/users\/1"}],"replies":[{"embeddable":true,"href":"http:\/\/www.novarodina.cz\/wp-json\/wp\/v2\/comments?post=8808"}],"version-history":[{"count":0,"href":"http:\/\/www.novarodina.cz\/wp-json\/wp\/v2\/posts\/8808\/revisions"}],"wp:featuredmedia":[{"embeddable":true,"href":"http:\/\/www.novarodina.cz\/wp-json\/wp\/v2\/media\/8811"}],"wp:attachment":[{"href":"http:\/\/www.novarodina.cz\/wp-json\/wp\/v2\/media?parent=8808"}],"wp:term":[{"taxonomy":"category","embeddable":true,"href":"http:\/\/www.novarodina.cz\/wp-json\/wp\/v2\/categories?post=8808"},{"taxonomy":"post_tag","embeddable":true,"href":"http:\/\/www.novarodina.cz\/wp-json\/wp\/v2\/tags?post=8808"}],"curies":[{"name":"wp","href":"https:\/\/api.w.org\/{rel}","templated":true}]}}]